 {"id":17844,"date":"2019-09-04T09:00:37","date_gmt":"2019-09-04T12:00:37","guid":{"rendered":"https:\/\/www.glaciareschilenos.org\/?p=17844"},"modified":"2025-02-10T12:02:24","modified_gmt":"2025-02-10T15:02:24","slug":"the-ultima-esperanza-pioneers-and-glaciers-in-balmaceda-hill","status":"publish","type":"post","link":"https:\/\/www.glaciareschilenos.org\/en\/report\/the-ultima-esperanza-pioneers-and-glaciers-in-balmaceda-hill\/","title":{"rendered":"The \u00daltima Esperanza pioneers and glaciers in Balmaceda hill"},"content":{"rendered":"<p><span style=\"font-weight: 400;\"><br \/>\n<\/span><span style=\"font-weight: 400;\">A day of sailing to the past begins, the Fjord history, exactly the <\/span><i><span style=\"font-weight: 400;\">\u00daltima Esperanza<\/span><\/i><span style=\"font-weight: 400;\"> province in the <\/span><i><span style=\"font-weight: 400;\">Magallanes<\/span><\/i><span style=\"font-weight: 400;\"> region. Land of pioneers and explorers, a magical and inhospitable place, full of beautiful age-old landscapes sculpted by glacier ice throughout the years.<\/span><\/p>\n<p><span style=\"font-weight: 400;\">Too early today, a beautiful sunrise delighted us from the Patagonian Andes, where the impressive <\/span><i><span style=\"font-weight: 400;\">Balmaceda<\/span><\/i><span style=\"font-weight: 400;\"> hill is located, 30 nautical miles approximately to the north of <\/span><i><span style=\"font-weight: 400;\">Puerto Natales<\/span><\/i><span style=\"font-weight: 400;\"> city. It has an altitude of 2,035 meters above sea level and belongs to the largest surface National Park in Chile (3,524,648 hectares) called <\/span><i><span style=\"font-weight: 400;\">Bernardo O\u2019Higgins<\/span><\/i><span style=\"font-weight: 400;\"> Park, created in 1969.<\/span><\/p>\n<p><span style=\"font-weight: 400;\">Coordinates: 51\u00b028\u201930\u2019\u2019S 73\u00b006\u201911\u2019\u2019W<\/span><\/p>\n<p><span style=\"font-weight: 400;\">Google Maps: <\/span><a href=\"https:\/\/goo.gl\/maps\/CmPHZCk5nZizYn6a6\"><span style=\"font-weight: 400;\">https:\/\/goo.gl\/maps\/CmPHZCk5nZizYn6a6<\/span><\/a><\/p>\n<div id=\"attachment_3338\" style=\"width: 1034px\" class=\"wp-caption aligncenter\"><img loading=\"lazy\" decoding=\"async\" aria-describedby=\"caption-attachment-3338\" class=\"wp-image-3338 size-large\" src=\"https:\/\/glaciareschilenoss3.s3.us-west-1.amazonaws.com\/wp-content\/uploads\/2019\/09\/03190421\/Amanecer-en-Puerto-Natales.jpg\" alt=\"\" width=\"1024\" height=\"1024\" \/><p id=\"caption-attachment-3338\" class=\"wp-caption-text\"><span style=\"font-weight: 400;\">Historical dock, Puerto Natales.<\/span><\/p><\/div>\n<p><span style=\"font-weight: 400;\">The <\/span><i><span style=\"font-weight: 400;\">\u00daltima Esperanza<\/span><\/i><span style=\"font-weight: 400;\"> fjord isn\u2019t just admired for the beauty and biodiversity of species that live in it, but it\u2019s also considered a constructed and modeled landscape by the progress and decline of large glacier areas since about 19,000 years ago.<\/span><\/p>\n<p><span style=\"font-weight: 400;\">The ice swinging in the zone has left marks and traces on each rock, valley, and mountain, giving a big geology show along with the sea that connects to the Pacific Ocean, which is also the maritime entrance to the <\/span><i><span style=\"font-weight: 400;\">Torres del Paine<\/span><\/i><span style=\"font-weight: 400;\"> National Park, by sealing the <\/span><i><span style=\"font-weight: 400;\">Serrano<\/span><\/i><span style=\"font-weight: 400;\"> River.<\/span><\/p>\n<div id=\"attachment_3349\" style=\"width: 1034px\" class=\"wp-caption aligncenter\"><img loading=\"lazy\" decoding=\"async\" aria-describedby=\"caption-attachment-3349\" class=\"wp-image-3349 size-large\" src=\"https:\/\/glaciareschilenoss3.s3.us-west-1.amazonaws.com\/wp-content\/uploads\/2019\/09\/03190614\/Ultima-Esperanza.jpg\" alt=\"\" width=\"1024\" height=\"630\" \/><p id=\"caption-attachment-3349\" class=\"wp-caption-text\"><span style=\"font-weight: 400;\">Map of the <\/span><i><span style=\"font-weight: 400;\">\u00daltima Esperanza<\/span><\/i><span style=\"font-weight: 400;\"> fjord by Google Maps.<\/span><\/p><\/div>\n<p><span style=\"font-weight: 400;\">A little of history\u2026 the fjord is a large sea extension located between <\/span><i><span style=\"font-weight: 400;\">Monte Balmaceda<\/span><\/i><span style=\"font-weight: 400;\"> from the North to <\/span><i><span style=\"font-weight: 400;\">Isla Guanaco<\/span><\/i><span style=\"font-weight: 400;\"> to the South and it\u2019s the geographical limit of the <\/span><i><span style=\"font-weight: 400;\">Canal de Se\u00f1oret<\/span><\/i><span style=\"font-weight: 400;\"> in front of the coasts of the <\/span><i><span style=\"font-weight: 400;\">Puerto Natales<\/span><\/i><span style=\"font-weight: 400;\"> city. The fjord was named <\/span><i><span style=\"font-weight: 400;\">\u00daltima Esperanza<\/span><\/i><span style=\"font-weight: 400;\"> [Last Hope] by the Spanish sealer Juan Ladrillero, in 1557, who was looking for the entrance route to the <\/span><i><span style=\"font-weight: 400;\">Estrecho de Magallanes<\/span><\/i><span style=\"font-weight: 400;\"> in his vessel called <\/span><i><span style=\"font-weight: 400;\">San Luis<\/span><\/i><span style=\"font-weight: 400;\">, but when he realized about the failed search and felt the frustration, he declared it as his last hope to find the channel by sealing from the Pacific Ocean. A year later, in August 1558, he finally found the <\/span><i><span style=\"font-weight: 400;\">Estrecho de Magallanes<\/span><\/i><span style=\"font-weight: 400;\"> &#8211; a geographic location better known today as <\/span><i><span style=\"font-weight: 400;\">Bah\u00eda Posesi\u00f3n<\/span><\/i><span style=\"font-weight: 400;\"> &#8211; on the eastern border of the <\/span><i><span style=\"font-weight: 400;\">Estrecho<\/span><\/i><span style=\"font-weight: 400;\">.<\/span><\/p>\n<p><span style=\"font-weight: 400;\">After Ladrillero\u2019s discoveries, 300 years later, the second expedition that crossed these territories, in 1829, was the auxiliary schooner Reina Adelaida commanded by Lieutenant George Williams Skyring, and thanks to Pilot James Kirke, the entrance is appointed as the most useful entrance to the district and the Pacific Ocean.<\/span><\/p>\n<p><span style=\"font-weight: 400;\">The third expedition to arrive at the fjord, which was the first one belonging to the Government and the Chilean Navy, in 1889, was commanded by Commander Ram\u00f3n Serrano Montaner in the <\/span><i><span style=\"font-weight: 400;\">C\u00f3ndor<\/span><\/i><span style=\"font-weight: 400;\"> tender. Due to this expedition were given the place name to the glacier, <\/span><i><span style=\"font-weight: 400;\">Serrano<\/span><\/i><span style=\"font-weight: 400;\"> river, and <\/span><i><span style=\"font-weight: 400;\">Cerro Ben\u00edtez<\/span><\/i><span style=\"font-weight: 400;\">, where the <\/span><i><span style=\"font-weight: 400;\">Cueva del Milod\u00f3n<\/span><\/i><span style=\"font-weight: 400;\"> is located, in honor of the Ensign Alejandro Ben\u00edtez.<\/span><\/p>\n<p><span style=\"font-weight: 400;\">In 1893, the German Captain Hermann Eberhard Schmith arrived at <\/span><i><span style=\"font-weight: 400;\">Puerto Consuelo<\/span><\/i><span style=\"font-weight: 400;\">, being one of the first settlers in the zone. In 1895, he &#8211; accompanied by sheepherders &#8211; discovered the <\/span><i><span style=\"font-weight: 400;\">Cueva del Milod\u00f3n<\/span><\/i><span style=\"font-weight: 400;\"> and prehistoric animals\u2019 remains that lived in <\/span><i><span style=\"font-weight: 400;\">Patagonia<\/span><\/i><span style=\"font-weight: 400;\"> around 14,000 years ago, by the end of the Pleistocene. Today, the <\/span><i><span style=\"font-weight: 400;\">Cueva del Milod\u00f3n<\/span><\/i><span style=\"font-weight: 400;\"> is an important tourist attraction in the <\/span><i><span style=\"font-weight: 400;\">Magallanes<\/span><\/i><span style=\"font-weight: 400;\"> region and a conservation area according to the Natural Monument category.<\/span><\/p>\n<p><span style=\"font-weight: 400;\">Between 1919 and 1945, the explorer and Salesian missionary Alberto Mar\u00eda de Agostini became the first and major diffuser of fjord landscapes and <\/span><i><span style=\"font-weight: 400;\">Patagonia<\/span><\/i><span style=\"font-weight: 400;\"> channels during his travel to Buenos Aires and Brazil. Nowadays, he is considered the greatest expeditionary, photographer, and mountaineer due to his great passion for nature, describing the zone as \u201csupreme beauty\u201d in his book \u201cThe Patagonian Andes\u201d<\/span><i><span style=\"font-weight: 400;\">.<\/span><\/i><span style=\"font-weight: 400;\"> Also, De Agostini National Park in <\/span><i><span style=\"font-weight: 400;\">Tierra del Fuego<\/span><\/i><span style=\"font-weight: 400;\"> was thus named to honor him, as well as the <\/span><i><span style=\"font-weight: 400;\">Torre Sur <\/span><\/i><span style=\"font-weight: 400;\">[south tower] (one of the three mountains in Torres del Paine National Park), where he stood out as a great mountaineer and mountain climber of the majestic mountain in <\/span><i><span style=\"font-weight: 400;\">Campos de Hielo Sur<\/span><\/i><span style=\"font-weight: 400;\"> [Southern Ice Field].<\/span><\/p>\n<div id=\"attachment_3340\" style=\"width: 818px\" class=\"wp-caption aligncenter\"><img loading=\"lazy\" decoding=\"async\" aria-describedby=\"caption-attachment-3340\" class=\"wp-image-3340 size-large\" src=\"https:\/\/glaciareschilenoss3.s3.us-west-1.amazonaws.com\/wp-content\/uploads\/2019\/09\/03190442\/Balmaceda-1917-A.-M-de-Agostini.jpg\" alt=\"\" width=\"808\" height=\"1024\" \/><p id=\"caption-attachment-3340\" class=\"wp-caption-text\"><span style=\"font-weight: 400;\">Balmaceda glacier, a historical image taken by Alberto Mar\u00eda de Agostini<\/span><\/p><\/div>\n<div id=\"attachment_3348\" style=\"width: 1034px\" class=\"wp-caption aligncenter\"><img loading=\"lazy\" decoding=\"async\" aria-describedby=\"caption-attachment-3348\" class=\"wp-image-3348 size-large\" src=\"https:\/\/glaciareschilenoss3.s3.us-west-1.amazonaws.com\/wp-content\/uploads\/2019\/09\/03190607\/Serrano-1917-1917-A.-M-de-Agostini.jpg\" alt=\"\" width=\"1024\" height=\"744\" \/><p id=\"caption-attachment-3348\" class=\"wp-caption-text\"><span style=\"font-weight: 400;\">Serrano glaciar, a historical image taken by Alberto Mar\u00eda de Agostini.<\/span><\/p><\/div>\n<p><span style=\"font-weight: 400;\">In 1950, Joaqu\u00edn \u00c1lvarez Estefo, a tourism pioneer in the <\/span><i><span style=\"font-weight: 400;\">Magallanes<\/span><\/i><span style=\"font-weight: 400;\"> region, settled down in the <\/span><i><span style=\"font-weight: 400;\">Estancia Perales<\/span><\/i><span style=\"font-weight: 400;\"> (a guided excursion zone) at the foot of the <\/span><i><span style=\"font-weight: 400;\">Prat<\/span><\/i><span style=\"font-weight: 400;\"> hill. He initiated &#8211; accompanied by very few people &#8211; the first tourist sailings in the fjord to visit the <\/span><i><span style=\"font-weight: 400;\">Balmaceda<\/span><\/i><span style=\"font-weight: 400;\"> hill in a small vessel called <\/span><i><span style=\"font-weight: 400;\">Roca<\/span><\/i><span style=\"font-weight: 400;\"> [Rock], whose name was assigned due to the peninsula that provides the entrance to the <\/span><i><span style=\"font-weight: 400;\">\u00daltima Esperanza<\/span><\/i><span style=\"font-weight: 400;\"> territory. Today, his family legacy \u201cTurismo 21 de Mayo\u201d [Tourism May 21] is one of the most important tourist attractions in the <\/span><i><span style=\"font-weight: 400;\">Magallanes<\/span><\/i><span style=\"font-weight: 400;\"> region, based on the sailing toward the <\/span><i><span style=\"font-weight: 400;\">Balmaceda<\/span><\/i><span style=\"font-weight: 400;\"> and <\/span><i><span style=\"font-weight: 400;\">Serrano<\/span><\/i><span style=\"font-weight: 400;\"> glaciers and the nautical entrance route to <\/span><i><span style=\"font-weight: 400;\">Torres del Paine<\/span><\/i><span style=\"font-weight: 400;\"> going up the <\/span><i><span style=\"font-weight: 400;\">Serrano<\/span><\/i><span style=\"font-weight: 400;\"> river.<\/span><\/p>\n<div id=\"attachment_3343\" style=\"width: 1034px\" class=\"wp-caption aligncenter\"><img loading=\"lazy\" decoding=\"async\" aria-describedby=\"caption-attachment-3343\" class=\"wp-image-3343 size-large\" src=\"https:\/\/glaciareschilenoss3.s3.us-west-1.amazonaws.com\/wp-content\/uploads\/2019\/09\/03190512\/Catamaran-Roca-y-Juana-Rodriguez.jpg\" alt=\"\" width=\"1024\" height=\"1024\" \/><p id=\"caption-attachment-3343\" class=\"wp-caption-text\"><span style=\"font-weight: 400;\">Vessels belonging to <\/span><i><span style=\"font-weight: 400;\">Turismos 21 de Mayo <\/span><\/i><span style=\"font-weight: 400;\">company.<\/span><\/p><\/div>\n<div id=\"attachment_3344\" style=\"width: 1034px\" class=\"wp-caption aligncenter\"><img loading=\"lazy\" decoding=\"async\" aria-describedby=\"caption-attachment-3344\" class=\"wp-image-3344 size-large\" src=\"https:\/\/glaciareschilenoss3.s3.us-west-1.amazonaws.com\/wp-content\/uploads\/2019\/09\/03190529\/Galciar-Monte-Balmaceda.jpg\" alt=\"\" width=\"1024\" height=\"1024\" \/><p id=\"caption-attachment-3344\" class=\"wp-caption-text\"><span style=\"font-weight: 400;\">Current record of <\/span><i><span style=\"font-weight: 400;\">Balmaceda <\/span><\/i><span style=\"font-weight: 400;\">glacier.<\/span><\/p><\/div>\n<p><span style=\"font-weight: 400;\">A Before and after<\/span><\/p>\n<p><span style=\"font-weight: 400;\">Following tourist visits and photographic records of the <\/span><i><span style=\"font-weight: 400;\">Balmaceda<\/span><\/i><span style=\"font-weight: 400;\"> hill during the last years, we have observed and evidenced the considerable surface loss of the <\/span><i><span style=\"font-weight: 400;\">Balmaceda<\/span><\/i><span style=\"font-weight: 400;\"> and <\/span><i><span style=\"font-weight: 400;\">Serrano<\/span><\/i><span style=\"font-weight: 400;\"> glaciers because of the continuous climate change effect and the increase of temperatures in the zone. Also, less snow falls every year on accumulation zones causing a direct and faster impact in the last 15 years<\/span><\/p>\n<div id=\"attachment_3350\" style=\"width: 886px\" class=\"wp-caption aligncenter\"><img loading=\"lazy\" decoding=\"async\" aria-describedby=\"caption-attachment-3350\" class=\"wp-image-3350 size-large\" src=\"https:\/\/glaciareschilenoss3.s3.us-west-1.amazonaws.com\/wp-content\/uploads\/2019\/09\/03190622\/Un-antes-y-un-despues-actualizado.jpg\" alt=\"\" width=\"876\" height=\"1024\" \/><p id=\"caption-attachment-3350\" class=\"wp-caption-text\"><span style=\"font-weight: 400;\">Two images to compare the <\/span><i><span style=\"font-weight: 400;\">Balmaceda<\/span><\/i><span style=\"font-weight: 400;\"> glacier.<\/span><\/p><\/div>\n<p><span style=\"font-weight: 400;\">The valleys and mountain ranges\u2019 beauty are surrounded by waterfalls and rivers coming from glacier melting. They are essential to the evergreen forest\u2019s ecosystem, where species proliferates such as Magellan\u2019s beech (Nothofagus betuloides), Chilean firebush (Embothrium Coccineum), and Canelos (Drimis Winteri). In these zones, live together several species of mosses and lichens, most of them are autochthonous from the southernmost zone of the planet. During our trip, we could also find small communities of Sea Lions, observe landscapes that change and contrast with the winter snow, and listen to the typical strong summer wind in the fjords and channels in the south of Chile.<\/span><\/p>\n<p><img loading=\"lazy\" decoding=\"async\" class=\"aligncenter size-large wp-image-3341\" src=\"https:\/\/glaciareschilenoss3.s3.us-west-1.amazonaws.com\/wp-content\/uploads\/2019\/09\/03190450\/Bosques-Siempre-Verdes.jpg\" alt=\"\" width=\"1024\" height=\"1024\" \/><\/p>\n<p><img loading=\"lazy\" decoding=\"async\" class=\"aligncenter size-large wp-image-3342\" src=\"https:\/\/glaciareschilenoss3.s3.us-west-1.amazonaws.com\/wp-content\/uploads\/2019\/09\/03190502\/Briofitos-de-Ultima-Esperanza.jpg\" alt=\"\" width=\"1024\" height=\"1024\" \/><\/p>\n<p><span style=\"font-weight: 400;\">We also found more special friends during our trip throughout the fjord: the native birds such as the Magellanic Woodpecker (Campephilus magellanicus), the Kingfisher (Megaceryle torguata), the Imperial Cormorant (Phalacrocorax atriceps), and our birds&#8217; king, the Andean Condor (Vultur gryphus), among others.<\/span><\/p>\n<p><img loading=\"lazy\" decoding=\"async\" class=\"aligncenter size-large wp-image-3339\" src=\"https:\/\/glaciareschilenoss3.s3.us-west-1.amazonaws.com\/wp-content\/uploads\/2019\/09\/03190432\/Aves-deUltima-Esperanza.jpg\" alt=\"\" width=\"1024\" height=\"1024\" \/><\/p>\n<p><span style=\"font-weight: 400;\">I want to thank and dedicate this article to the \u00c1lvarez family and their workers, especially to Miguel Iturriaga Saavedra, who was my instructor and captain, the first pioneer to sail the <\/span><i><span style=\"font-weight: 400;\">Serrano<\/span><\/i><span style=\"font-weight: 400;\"> river with tourists in 1988. He also taught me to sail, be a tripulant, and tour guide in the nautical route that connects the <\/span><i><span style=\"font-weight: 400;\">Bernardo O\u2019Higgins<\/span><\/i><span style=\"font-weight: 400;\"> with the <\/span><i><span style=\"font-weight: 400;\">Torres del Paine National Parks<\/span><\/i><span style=\"font-weight: 400;\">.<\/span><\/p>\n<p><span style=\"font-weight: 400;\">References:<\/span><\/p>\n<p><b><i>\u00daltima Esperanza<\/i><\/b><b> en el Tiempo<\/b><span style=\"font-weight: 400;\"> [<\/span><i><span style=\"font-weight: 400;\">\u00daltima Esperanza<\/span><\/i><span style=\"font-weight: 400;\"> Over the Time], (2000) Mateo Martinic.<\/span><\/p>\n<p><b>Andes Patag\u00f3nicos. Viajes de exploraci\u00f3n a la cordillera patag\u00f3nica austral<\/b><span style=\"font-weight: 400;\"> [Patagonian Andes. Exploration trips to the southern Patagonian mountain range], (1945) De Agostini.<\/span><\/p>\n<p><span style=\"font-weight: 400;\">Instituto Geogr\u00e1fico Militar (1970). Atlas de la Rep\u00fablica de Chile. Santiago &#8211; Chile &#8211; Instituto Geogr\u00e1fico Militar, Second Edition.<\/span><\/p>\n<p><b>Instituto Hidrogr\u00e1fico de la Armada de Chile<\/b><span style=\"font-weight: 400;\">. Atlas Hidrogr\u00e1fico de Chile &#8211; <\/span><i><span style=\"font-weight: 400;\">Valpara\u00edso<\/span><\/i><span style=\"font-weight: 400;\"> &#8211; Chile &#8211; Instituto Hidrogr\u00e1fico de la Armada. First Edition.<\/span><\/p>\n<p><span style=\"font-weight: 400;\">Abstract and joint conversation with Francisco Mart\u00ednez Vidal, <\/span><i><span style=\"font-weight: 400;\">Punta Arenas<\/span><\/i><span style=\"font-weight: 400;\">, August 2019.<\/span><\/p>\n","protected":false},"excerpt":{"rendered":"<p>A day of sailing to the past begins, the Fjord history, exactly the \u00daltima Esperanza province in the Magallanes region. Land of pioneers and explorers, a magical and inhospitable place, full of beautiful age-old landscapes sculpted by glacier ice throughout the years. Too early today, a beautiful sunrise delighted us from the Patagonian Andes, where [&hellip;]<\/p>\n","protected":false},"author":3,"featured_media":17845,"comment_status":"open","ping_status":"open","sticky":false,"template":"","format":"standard","meta":{"googlesitekit_rrm_CAow57LVCw:productID":"","_et_pb_use_builder":"","_et_pb_old_content":"","_et_gb_content_width":"","footnotes":""},"categories":[2797],"tags":[2662,3067,2635,2636,2665,2667,2742,2859,2739,2566,3022,2829],"coauthors":[3338],"class_list":["post-17844","post","type-post","status-publish","format-standard","has-post-thumbnail","hentry","category-report","tag-balmaceda-glacier","tag-carretera-austral-en-2","tag-chile","tag-climate-change","tag-environment-en-2","tag-glaciares-chilenos-en-2","tag-glaciers","tag-global-warming","tag-magallanes-region","tag-patagonia","tag-serrano-glacier","tag-torres-del-paine-national-park-en"],"_links":{"self":[{"href":"https:\/\/www.glaciareschilenos.org\/en\/wp-json\/wp\/v2\/posts\/17844","targetHints":{"allow":["GET"]}}],"collection":[{"href":"https:\/\/www.glaciareschilenos.org\/en\/wp-json\/wp\/v2\/posts"}],"about":[{"href":"https:\/\/www.glaciareschilenos.org\/en\/wp-json\/wp\/v2\/types\/post"}],"author":[{"embeddable":true,"href":"https:\/\/www.glaciareschilenos.org\/en\/wp-json\/wp\/v2\/users\/3"}],"replies":[{"embeddable":true,"href":"https:\/\/www.glaciareschilenos.org\/en\/wp-json\/wp\/v2\/comments?post=17844"}],"version-history":[{"count":1,"href":"https:\/\/www.glaciareschilenos.org\/en\/wp-json\/wp\/v2\/posts\/17844\/revisions"}],"predecessor-version":[{"id":17847,"href":"https:\/\/www.glaciareschilenos.org\/en\/wp-json\/wp\/v2\/posts\/17844\/revisions\/17847"}],"wp:featuredmedia":[{"embeddable":true,"href":"https:\/\/www.glaciareschilenos.org\/en\/wp-json\/wp\/v2\/media\/17845"}],"wp:attachment":[{"href":"https:\/\/www.glaciareschilenos.org\/en\/wp-json\/wp\/v2\/media?parent=17844"}],"wp:term":[{"taxonomy":"category","embeddable":true,"href":"https:\/\/www.glaciareschilenos.org\/en\/wp-json\/wp\/v2\/categories?post=17844"},{"taxonomy":"post_tag","embeddable":true,"href":"https:\/\/www.glaciareschilenos.org\/en\/wp-json\/wp\/v2\/tags?post=17844"},{"taxonomy":"author","embeddable":true,"href":"https:\/\/www.glaciareschilenos.org\/en\/wp-json\/wp\/v2\/coauthors?post=17844"}],"curies":[{"name":"wp","href":"https:\/\/api.w.org\/{rel}","templated":true}]}}