 {"id":17868,"date":"2021-02-04T00:26:53","date_gmt":"2021-02-04T03:26:53","guid":{"rendered":"https:\/\/www.glaciareschilenos.org\/?p=17868"},"modified":"2025-02-10T12:49:15","modified_gmt":"2025-02-10T15:49:15","slug":"planchon-and-peteroa-volcanic-complex-binational-glaciers-are-in-retreat","status":"publish","type":"post","link":"https:\/\/www.glaciareschilenos.org\/en\/places\/planchon-and-peteroa-volcanic-complex-binational-glaciers-are-in-retreat\/","title":{"rendered":"Planch\u00f3n and Peteroa volcanic complex: Binational glaciers are in retreat"},"content":{"rendered":"<p><span style=\"font-weight: 400;\">The <\/span><i><span style=\"font-weight: 400;\">Planch\u00f3n-Peteroa-Azufre<\/span><\/i><span style=\"font-weight: 400;\"> volcanic complex is located about 70 kilometers from <\/span><i><span style=\"font-weight: 400;\">Curic\u00f3<\/span><\/i><span style=\"font-weight: 400;\"> and bordered by Argentina. This complex represents one of the most striking mountain phenomena in the central <\/span><i><span style=\"font-weight: 400;\">Andes<\/span><\/i><span style=\"font-weight: 400;\">.<\/span><\/p>\n<p><span style=\"font-weight: 400;\">In the complex\u2019s areas, there are several mountain glaciers, which initiate important rivers: concerning Chilean territory, the <\/span><i><span style=\"font-weight: 400;\">Claro<\/span><\/i><span style=\"font-weight: 400;\"> river links later to the <\/span><i><span style=\"font-weight: 400;\">Teno<\/span><\/i><span style=\"font-weight: 400;\"> river in <\/span><i><span style=\"font-weight: 400;\">Los Que\u00f1es<\/span><\/i><span style=\"font-weight: 400;\"> (the closer town) and with a part of the <\/span><i><span style=\"font-weight: 400;\">Colorado<\/span><\/i><span style=\"font-weight: 400;\"> river\u2019s basin. On the Argentinean side, the <\/span><i><span style=\"font-weight: 400;\">Valenzuela<\/span><\/i><span style=\"font-weight: 400;\"> river transforms into the <\/span><i><span style=\"font-weight: 400;\">Grande<\/span><\/i><span style=\"font-weight: 400;\"> river. <\/span><\/p>\n<p><span style=\"font-weight: 400;\">This complex is the northernmost of volcanoes from the <\/span><i><span style=\"font-weight: 400;\">Maule<\/span><\/i><span style=\"font-weight: 400;\"> region, where there are the extinct <\/span><i><span style=\"font-weight: 400;\">Azufre <\/span><\/i><span style=\"font-weight: 400;\">and the <\/span><i><span style=\"font-weight: 400;\">Peteroa<\/span><\/i><span style=\"font-weight: 400;\"> volcanoes. The <\/span><i><span style=\"font-weight: 400;\">Planch\u00f3n<\/span><\/i><span style=\"font-weight: 400;\"> volcano is rebuilt over them and has several craters and similar structures at the top.<\/span><\/p>\n<p><span style=\"font-weight: 400;\">According to historical precedents, this <\/span><i><span style=\"font-weight: 400;\">Planch\u00f3n<\/span><\/i><span style=\"font-weight: 400;\">&#8211;<\/span><i><span style=\"font-weight: 400;\">Peteroa<\/span><\/i><span style=\"font-weight: 400;\"> complex is very active. There is a high risk of causing lahars if some eruption eventually comes, due to the extensive ice cover distributed in the <\/span><i><span style=\"font-weight: 400;\">Azufre <\/span><\/i><span style=\"font-weight: 400;\">area. This is a hazard for living beings in rivers that feed those glaciers already mentioned.<\/span><\/p>\n<p>&nbsp;<\/p>\n<div id=\"attachment_9200\" style=\"width: 1234px\" class=\"wp-caption aligncenter\"><img loading=\"lazy\" decoding=\"async\" aria-describedby=\"caption-attachment-9200\" class=\"wp-image-9200 size-full\" src=\"https:\/\/glaciareschilenoss3.s3.us-west-1.amazonaws.com\/wp-content\/uploads\/2021\/02\/03222650\/unnamed-9.png\" alt=\"\" width=\"1224\" height=\"816\" \/><p id=\"caption-attachment-9200\" class=\"wp-caption-text\"><i><span style=\"font-weight: 400;\">Planch\u00f3n<\/span><\/i><span style=\"font-weight: 400;\">&#8211;<\/span><i><span style=\"font-weight: 400;\">Peteroa<\/span><\/i><span style=\"font-weight: 400;\"> volcanic complex \/ \u00a9 Gerald Prins (April 2015).<\/span><\/p><\/div>\n<p>&nbsp;<\/p>\n<p><span style=\"font-weight: 400;\">\u00a0<\/span><b>Glaciers in <\/b><b><i>Planch\u00f3n<\/i><\/b><b>&#8211;<\/b><b><i>Peteroa<\/i><\/b><b> volcanic complex and their importance<\/b><\/p>\n<p>&nbsp;<\/p>\n<div id=\"attachment_9199\" style=\"width: 1240px\" class=\"wp-caption aligncenter\"><img loading=\"lazy\" decoding=\"async\" aria-describedby=\"caption-attachment-9199\" class=\"wp-image-9199 size-full\" src=\"https:\/\/glaciareschilenoss3.s3.us-west-1.amazonaws.com\/wp-content\/uploads\/2021\/02\/03222617\/unnamed-8.png\" alt=\"\" width=\"1230\" height=\"813\" \/><p id=\"caption-attachment-9199\" class=\"wp-caption-text\"><span style=\"font-weight: 400;\">View of the volcanic complex and the <\/span><i><span style=\"font-weight: 400;\">Pe\u00f1\u00f3n Norte<\/span><\/i><span style=\"font-weight: 400;\"> glacier from the top of the <\/span><i><span style=\"font-weight: 400;\">Azufre 1 <\/span><\/i><span style=\"font-weight: 400;\">volcano\/ \u00a9 Nicol\u00e1s M\u00e9ndez (January 2012).<\/span><\/p><\/div>\n<p>&nbsp;<\/p>\n<p><span style=\"font-weight: 400;\">This complex collects a vast frozen-ice volume distributed in twelve mountain glaciers, six glaciarets, and four covered glaciers, resulting in approximately 15.11 km\u00b2 in January 2019. According to those figures, Argentina has 6.3 km\u00b2 of that amount, while Chile has 8.81 km\u00b2.<\/span><\/p>\n<p>&nbsp;<\/p>\n<div id=\"attachment_9198\" style=\"width: 1300px\" class=\"wp-caption aligncenter\"><img loading=\"lazy\" decoding=\"async\" aria-describedby=\"caption-attachment-9198\" class=\"wp-image-9198 size-full\" src=\"https:\/\/glaciareschilenoss3.s3.us-west-1.amazonaws.com\/wp-content\/uploads\/2021\/02\/03222548\/unnamed-7.png\" alt=\"\" width=\"1290\" height=\"775\" \/><p id=\"caption-attachment-9198\" class=\"wp-caption-text\"><span style=\"font-weight: 400;\">Glacier covered by ashes in <\/span><i><span style=\"font-weight: 400;\">Peteroa<\/span><\/i><span style=\"font-weight: 400;\"> volcano \/ \u00a9 Juan Esteban Berrio (February 2019).<\/span><\/p><\/div>\n<p>&nbsp;<\/p>\n<div id=\"attachment_9197\" style=\"width: 942px\" class=\"wp-caption aligncenter\"><img loading=\"lazy\" decoding=\"async\" aria-describedby=\"caption-attachment-9197\" class=\"wp-image-9197 size-full\" src=\"https:\/\/glaciareschilenoss3.s3.us-west-1.amazonaws.com\/wp-content\/uploads\/2021\/02\/03222508\/unnamed-6.png\" alt=\"\" width=\"932\" height=\"1072\" \/><p id=\"caption-attachment-9197\" class=\"wp-caption-text\"><span style=\"font-weight: 400;\">The Eastern slope of <\/span><i><span style=\"font-weight: 400;\">Peteroa<\/span><\/i><span style=\"font-weight: 400;\"> volcano is covered by the glacier.\u00a0<\/span><br \/><span style=\"font-weight: 400;\">March 2008 (above) &#8211; \u00a9 Ing. Alvin \/ Mach 2018 (below) &#8211; \u00a9 Luis Faundez.<\/span><\/p><\/div>\n<p>&nbsp;<\/p>\n<div id=\"attachment_9195\" style=\"width: 1164px\" class=\"wp-caption aligncenter\"><img loading=\"lazy\" decoding=\"async\" aria-describedby=\"caption-attachment-9195\" class=\"wp-image-9195 size-full\" src=\"https:\/\/glaciareschilenoss3.s3.us-west-1.amazonaws.com\/wp-content\/uploads\/2021\/02\/03222410\/unnamed-4.png\" alt=\"\" width=\"1154\" height=\"866\" \/><p id=\"caption-attachment-9195\" class=\"wp-caption-text\"><span style=\"font-weight: 400;\">Hanging glacier in crater 1 post-eruption of the <\/span><i><span style=\"font-weight: 400;\">Peteroa<\/span><\/i><span style=\"font-weight: 400;\"> volcano in 2010 \/ \u00a9 Cristobal Bayer Monnard (March 2011).<\/span><\/p><\/div>\n<p>&nbsp;<\/p>\n<div id=\"attachment_9196\" style=\"width: 650px\" class=\"wp-caption aligncenter\"><img loading=\"lazy\" decoding=\"async\" aria-describedby=\"caption-attachment-9196\" class=\"wp-image-9196\" src=\"https:\/\/glaciareschilenoss3.s3.us-west-1.amazonaws.com\/wp-content\/uploads\/2021\/02\/03222437\/unnamed-5.png\" alt=\"\" width=\"640\" height=\"750\" \/><p id=\"caption-attachment-9196\" class=\"wp-caption-text\"><i><span style=\"font-weight: 400;\">Pe\u00f1\u00f3n Norte<\/span><\/i><span style=\"font-weight: 400;\"> and <\/span><i><span style=\"font-weight: 400;\">Sur<\/span><\/i><span style=\"font-weight: 400;\"> glacier in March 2008 \/ \u00a9 Ing. Alvin (April 2018) \/ \u00a9 Juan Esteban Berrio.<\/span><\/p><\/div>\n<p>&nbsp;<\/p>\n<div id=\"attachment_9194\" style=\"width: 1108px\" class=\"wp-caption aligncenter\"><img loading=\"lazy\" decoding=\"async\" aria-describedby=\"caption-attachment-9194\" class=\"wp-image-9194 size-full\" src=\"https:\/\/glaciareschilenoss3.s3.us-west-1.amazonaws.com\/wp-content\/uploads\/2021\/02\/03222331\/unnamed-3.png\" alt=\"\" width=\"1098\" height=\"910\" \/><p id=\"caption-attachment-9194\" class=\"wp-caption-text\"><span style=\"font-weight: 400;\">Hanging glacier<\/span><i><span style=\"font-weight: 400;\"> El Azufre<\/span><\/i><span style=\"font-weight: 400;\"> or <\/span><i><span style=\"font-weight: 400;\">PPA4<\/span><\/i><span style=\"font-weight: 400;\"> in Chilean territory \/ \u00a9 DGA (December 2013).<\/span><\/p><\/div>\n<p>&nbsp;<\/p>\n<p><b>Continuous retreat<\/b><\/p>\n<p>&nbsp;<\/p>\n<div id=\"attachment_9193\" style=\"width: 660px\" class=\"wp-caption aligncenter\"><img loading=\"lazy\" decoding=\"async\" aria-describedby=\"caption-attachment-9193\" class=\"wp-image-9193\" src=\"https:\/\/glaciareschilenoss3.s3.us-west-1.amazonaws.com\/wp-content\/uploads\/2021\/02\/03222249\/unnamed-2.png\" alt=\"\" width=\"650\" height=\"428\" \/><p id=\"caption-attachment-9193\" class=\"wp-caption-text\"><span style=\"font-weight: 400;\">This diagram demonstrates the evident retreat in the volcanic complex, where the <\/span><i><span style=\"font-weight: 400;\">Peteroa<\/span><\/i><span style=\"font-weight: 400;\"> volcano has an area loss of 75% from 1985 to 2011 \/ \u00a9 Juan Esteban Berrio.<\/span><\/p><\/div>\n<p>&nbsp;<\/p>\n<div id=\"attachment_9192\" style=\"width: 655px\" class=\"wp-caption aligncenter\"><img loading=\"lazy\" decoding=\"async\" aria-describedby=\"caption-attachment-9192\" class=\"wp-image-9192\" src=\"https:\/\/glaciareschilenoss3.s3.us-west-1.amazonaws.com\/wp-content\/uploads\/2021\/02\/03222217\/unnamed-1.png\" alt=\"\" width=\"645\" height=\"493\" \/><p id=\"caption-attachment-9192\" class=\"wp-caption-text\"><span style=\"font-weight: 400;\">Among the summits of the <\/span><i><span style=\"font-weight: 400;\">Azufre<\/span><\/i><span style=\"font-weight: 400;\"> volcano, five mountain glaciers detach from a hill. Two of them are located on the Argentinean side, named as <\/span><i><span style=\"font-weight: 400;\">Pe\u00f1\u00f3n Norte<\/span><\/i><span style=\"font-weight: 400;\"> and <\/span><i><span style=\"font-weight: 400;\">Pe\u00f1\u00f3n Sur<\/span><\/i><span style=\"font-weight: 400;\"> glacier. On the Chilean side, there are no official names, although the study of glacier variations &#8211; made by the Center for Scientific Studies (CECs according to Spanish initials) in 2011 &#8211; denominated them as <\/span><i><span style=\"font-weight: 400;\">PPA2<\/span><\/i><span style=\"font-weight: 400;\"> y <\/span><i><span style=\"font-weight: 400;\">PPA3<\/span><\/i><span style=\"font-weight: 400;\">. Both glaciers visually have a similar and continued retreat over time. The <\/span><i><span style=\"font-weight: 400;\">Pe\u00f1\u00f3n Norte<\/span><\/i><span style=\"font-weight: 400;\"> glacier had an area of 2.45 km\u00b2, which has decreased to 1.86 km\u00b2\u00a0approximately. The front has retreated around 450 m by the north side, while the south is 187.3 m. Finally, the study exposes an annual loss of the glacier volume of 49.6 m in the north and 20.8 m in the south limit \/ \u00a9 Juan Esteban Berrio.<\/span><\/p><\/div>\n<p>&nbsp;<\/p>\n<p><span style=\"font-weight: 400;\">Moreover, the <\/span><i><span style=\"font-weight: 400;\">Pe\u00f1\u00f3n Sur<\/span><\/i><span style=\"font-weight: 400;\"> glacier used to cover an area of 1.44 km\u00b2, but nowadays it just covers 1km\u00b2, unfortunately.<\/span><\/p>\n<p>&nbsp;<\/p>\n<div id=\"attachment_9201\" style=\"width: 658px\" class=\"wp-caption aligncenter\"><img loading=\"lazy\" decoding=\"async\" aria-describedby=\"caption-attachment-9201\" class=\"wp-image-9201 \" src=\"https:\/\/glaciareschilenoss3.s3.us-west-1.amazonaws.com\/wp-content\/uploads\/2021\/02\/03222714\/unnamed.png\" alt=\"\" width=\"648\" height=\"373\" \/><p id=\"caption-attachment-9201\" class=\"wp-caption-text\"><span style=\"font-weight: 400;\">We already had the premise about the constant retreat \u2013 and as we had said \u2013 it\u2019s more intense the glacier loss on the <\/span><i><span style=\"font-weight: 400;\">Peteroa<\/span><\/i><span style=\"font-weight: 400;\"> volcano, showing a significantly bigger loss than its neighbor, as demonstrated in the diagram \/ \u00a9 Juan Esteban Berrio.<\/span><\/p><\/div>\n<p>&nbsp;<\/p>\n<p><b>Eventual future complications\u00a0<\/b><\/p>\n<p><span style=\"font-weight: 400;\">The volcano complex has experienced a substantive glacier loss during these last years. Several complications would affect both countries because, as we know, these frozen bodies are tributaries of rivers that provide us with the vital components downstream. Not only the volcanic activity might cause important natural events but also the glacier loss around it, affecting the fragile ecosystem and impacting glaciers settled in different mountainsides. <\/span><\/p>\n<p><span style=\"font-weight: 400;\">The complex is outside a protected area; it doesn\u2019t belong in a National Park, Nature Reserve, Natural Monument, or Nature Sanctuary category. Another important aspect is that the complex is exempt from mining activity so far. However, the complex\u2019s retreats are more evident, according to satellite images. The accelerated defrosting is a clear consequence of warmer summers and less cold winters that hold back the same snow accumulation as earlier periods.<\/span><\/p>\n<p>&nbsp;<\/p>\n<p><span style=\"font-weight: 400;\">Chile gets its freshwater supply mostly from the Chilean Andes and has 11% of the glaciers globally. We are privileged, but, at the same time, spectators of these natural changes, which are increased by our economic system and lifestyle, even though sometimes those aspects aren\u2019t considered in the development.<\/span><\/p>\n<p><span style=\"font-weight: 400;\">Unfortunately, even though a law that protects glaciers would exist, the melting cannot be stopped. However, it would help to protect some of them that are irrationally invaded and not considered a sustainable future.\u00a0<\/span><\/p>\n<p>&nbsp;<\/p>\n<p><b>References:<\/b><\/p>\n<ul>\n<li style=\"font-weight: 400;\" aria-level=\"1\"><span style=\"font-weight: 400;\">Complejo Volc\u00e1nico Planch\u00f3n-Peteroa pdf. [<\/span><i><span style=\"font-weight: 400;\">Planch\u00f3n-Peteroa<\/span><\/i><span style=\"font-weight: 400;\"> volcanic complex].\u00a0<\/span><a href=\"https:\/\/www.sernageomin.cl\/wp-content\/uploads\/2017\/11\/8_Plancho%cc%81n-Peteroa.pdf\"><span style=\"font-weight: 400;\">Link<\/span><\/a><\/li>\n<li style=\"font-weight: 400;\" aria-level=\"1\"><span style=\"font-weight: 400;\">Andeshandbook.\u00a0<\/span><a href=\"https:\/\/www.andeshandbook.org\/montanismo\/cerro\/218\/Peteroa\"><span style=\"font-weight: 400;\">Link<\/span><span style=\"font-weight: 400;\">\u00a0<\/span><\/a><\/li>\n<li style=\"font-weight: 400;\" aria-level=\"1\"><span style=\"font-weight: 400;\">Inventario de glaciares chilenos, Direcci\u00f3n General de Aguas (DGA) [Chilean glaciers inventory, General Water Authority].\u00a0<\/span><a href=\"https:\/\/dga.mop.gob.cl\/administracionrecursoshidricos\/Inventario_glaciares\/Paginas\/default.aspx\"><span style=\"font-weight: 400;\">Link<\/span><\/a><\/li>\n<li style=\"font-weight: 400;\" aria-level=\"1\"><span style=\"font-weight: 400;\">Inventario de glaciares de la hoya del r\u00edo Mataquito [Glaciers inventory about <\/span><i><span style=\"font-weight: 400;\">Mataquito<\/span><\/i><span style=\"font-weight: 400;\"> river plain] \/ Carlos Noveroy C.; Ministery of Public Works, Direcci\u00f3n General de Aguas (DGA) [General Water Authority] 1987.<\/span><\/li>\n<li style=\"font-weight: 400;\" aria-level=\"1\"><span style=\"font-weight: 400;\">Chilean Glaciers \/ Ministery of Public Works, Direcci\u00f3n General de Aguas, Unidad de Glaciolog\u00eda y Nieves [General Water Authority, Glaciology and Snow Department] 2014.<\/span><\/li>\n<li style=\"font-weight: 400;\" aria-level=\"1\"><span style=\"font-weight: 400;\">Inventario Nacional de Glaciares [National inventory of Glaciers], Argentina, 2018. Subcuenca del rio Grande sector Norte [Sub-basin of <\/span><i><span style=\"font-weight: 400;\">Grande<\/span><\/i><span style=\"font-weight: 400;\"> river North sector].\u00a0<\/span><a href=\"http:\/\/www.glaciaresargentinos.gob.ar\/?page_id=475\"><span style=\"font-weight: 400;\">Link<\/span><\/a><\/li>\n<li style=\"font-weight: 400;\" aria-level=\"1\"><span style=\"font-weight: 400;\">\u00bfQu\u00e9 est\u00e1 pasando con los glaciares del CV Planch\u00f3n \u2013 Peteroa? [What is happening with glaciers of the <\/span><i><span style=\"font-weight: 400;\">Planch\u00f3n-Peteroa<\/span><\/i><span style=\"font-weight: 400;\"> volcanic complex?] Pitte P. et al.\u00a0<\/span><a href=\"https:\/\/www.researchgate.net\/publication\/330262502_Que_esta_pasando_con_los_glaciares_del_complejo_volcanico_Planchon-Peteroa\"><span style=\"font-weight: 400;\">Link<\/span><\/a><\/li>\n<li style=\"font-weight: 400;\" aria-level=\"1\"><span style=\"font-weight: 400;\">Variaciones recientes de glaciares en Chile, seg\u00fan principales zonas glaciol\u00f3gicas, [Current variations about glaciers in Chile, according to main glaciological areas] Center for Scientific studies<\/span> <span style=\"font-weight: 400;\">(CECs) 2011.<\/span><\/li>\n<li style=\"font-weight: 400;\" aria-level=\"1\"><span style=\"font-weight: 400;\">Laboratorio de Glaciolog\u00eda Chile [Glaciology Laboratory of Chile].\u00a0<\/span><a href=\"http:\/\/www.glaciologia.cl\/web\/glaciologia_es\/glacier.php?idGlaciar=393&amp;init=\"><span style=\"font-weight: 400;\">Link<\/span><\/a><\/li>\n<\/ul>\n<p>&nbsp;<\/p>\n<p><b>Featured image:<\/b><\/p>\n<p>&nbsp;<\/p>\n<ul>\n<li style=\"font-weight: 400;\" aria-level=\"1\"><i><span style=\"font-weight: 400;\">Planch\u00f3n-Peteroa<\/span><\/i><span style=\"font-weight: 400;\"> volcanic complex, <\/span><i><span style=\"font-weight: 400;\">Maule<\/span><\/i><span style=\"font-weight: 400;\"> region, Chile \/ \u00a9 Juan Berr\u00edo.\u00a0<\/span><a href=\"https:\/\/goo.gl\/maps\/jtn179rMXHjYHeEt9\"><span style=\"font-weight: 400;\">Link ubicaci\u00f3n<\/span><\/a><\/li>\n<\/ul>\n<p>&nbsp;<\/p>\n","protected":false},"excerpt":{"rendered":"<p>The Planch\u00f3n-Peteroa-Azufre volcanic complex is located about 70 kilometers from Curic\u00f3 and bordered by Argentina. This complex represents one of the most striking mountain phenomena in the central Andes. In the complex\u2019s areas, there are several mountain glaciers, which initiate important rivers: concerning Chilean territory, the Claro river links later to the Teno river in [&hellip;]<\/p>\n","protected":false},"author":4,"featured_media":17869,"comment_status":"open","ping_status":"open","sticky":false,"template":"","format":"standard","meta":{"googlesitekit_rrm_CAow57LVCw:productID":"","_et_pb_use_builder":"","_et_pb_old_content":"","_et_gb_content_width":"","footnotes":""},"categories":[2871],"tags":[2933,2927,2635,870,2681],"coauthors":[3349],"class_list":["post-17868","post","type-post","status-publish","format-standard","has-post-thumbnail","hentry","category-places","tag-andes-en","tag-argentina","tag-chile","tag-glaciar-penon","tag-glacier-en-2"],"_links":{"self":[{"href":"https:\/\/www.glaciareschilenos.org\/en\/wp-json\/wp\/v2\/posts\/17868","targetHints":{"allow":["GET"]}}],"collection":[{"href":"https:\/\/www.glaciareschilenos.org\/en\/wp-json\/wp\/v2\/posts"}],"about":[{"href":"https:\/\/www.glaciareschilenos.org\/en\/wp-json\/wp\/v2\/types\/post"}],"author":[{"embeddable":true,"href":"https:\/\/www.glaciareschilenos.org\/en\/wp-json\/wp\/v2\/users\/4"}],"replies":[{"embeddable":true,"href":"https:\/\/www.glaciareschilenos.org\/en\/wp-json\/wp\/v2\/comments?post=17868"}],"version-history":[{"count":1,"href":"https:\/\/www.glaciareschilenos.org\/en\/wp-json\/wp\/v2\/posts\/17868\/revisions"}],"predecessor-version":[{"id":17871,"href":"https:\/\/www.glaciareschilenos.org\/en\/wp-json\/wp\/v2\/posts\/17868\/revisions\/17871"}],"wp:featuredmedia":[{"embeddable":true,"href":"https:\/\/www.glaciareschilenos.org\/en\/wp-json\/wp\/v2\/media\/17869"}],"wp:attachment":[{"href":"https:\/\/www.glaciareschilenos.org\/en\/wp-json\/wp\/v2\/media?parent=17868"}],"wp:term":[{"taxonomy":"category","embeddable":true,"href":"https:\/\/www.glaciareschilenos.org\/en\/wp-json\/wp\/v2\/categories?post=17868"},{"taxonomy":"post_tag","embeddable":true,"href":"https:\/\/www.glaciareschilenos.org\/en\/wp-json\/wp\/v2\/tags?post=17868"},{"taxonomy":"author","embeddable":true,"href":"https:\/\/www.glaciareschilenos.org\/en\/wp-json\/wp\/v2\/coauthors?post=17868"}],"curies":[{"name":"wp","href":"https:\/\/api.w.org\/{rel}","templated":true}]}}