 {"id":18089,"date":"2023-08-16T18:30:55","date_gmt":"2023-08-16T21:30:55","guid":{"rendered":"https:\/\/www.glaciareschilenos.org\/?p=18089"},"modified":"2025-03-07T09:58:42","modified_gmt":"2025-03-07T12:58:42","slug":"announcement-of-the-creation-of-parque-nacional-glaciares-half-is-not-enough","status":"publish","type":"post","link":"https:\/\/www.glaciareschilenos.org\/en\/announcement\/announcement-of-the-creation-of-parque-nacional-glaciares-half-is-not-enough\/","title":{"rendered":"Announcement of the Creation of Parque Nacional Glaciares: Half is Not Enough"},"content":{"rendered":"<p><span style=\"font-weight: 400\">With the official creation of the <\/span><b><i>Parque Nacional Glaciares de Santiago<\/i><\/b><span style=\"font-weight: 400\"> [Santiago Glaciers National Park] in the high peaks of the <\/span><i><span style=\"font-weight: 400\">caj\u00f3n del Maipo<\/span><\/i><span style=\"font-weight: 400\">, as citizen campaign #QueremosParque, we celebrate the official protection of the territory, protecting the more than 300 existing glaciers (20,000 ha). The park will protect a great part of Santiago&#8217;s water sources, which must be a reason for joy for all citizens, especially those who have been part of the campaign.<\/span><\/p>\n<p><span style=\"font-weight: 400\">However, the proposal contemplates protecting only the high mountain areas above 3600m of altitude, that means 75,114 of the 142,000 ha of existing public lands, making it inaccessible for citizens. This also means leaving half of the public land without protection.<\/span><\/p>\n<p><span style=\"font-weight: 400\">The <\/span><i><span style=\"font-weight: 400\">Parque Nacional Glaciares de Santiago<\/span><\/i> <span style=\"font-weight: 400\">is a great first step, but <\/span><b>it doesn\u2019t fulfill the spirit of conservation or public access of the territory because:<\/b><\/p>\n<ol>\n<li><span style=\"font-weight: 400\">It\u2019s a park created without citizen participation. It\u2019s essential to integrate muleteers, residents, hikers and nature sportsmen, environmentalists, tourism service providers, and civil society organizations that work in the territory.<\/span><\/li>\n<li><span style=\"font-weight: 400\">The park is located at an altitude of 3600 m, with little or non-existent access, and only high mountain sportsmen will be able to access it. It\u2019s not a park that families can visit as part of their day-to-day life and genuine interest in getting close to nature. <\/span><span style=\"font-weight: 400\">This is a great opportunity to democratize access to nature.<\/span><\/li>\n<li><span style=\"font-weight: 400\">The park leaves out the habitat of the Andean cat (<\/span><i><span style=\"font-weight: 400\">Leopardus jacobita<\/span><\/i><span style=\"font-weight: 400\">), an endangered species recently detected in the area.<\/span><\/li>\n<li><span style=\"font-weight: 400\">It\u2019s a park whose only conservation targets are the high peaks and glaciers, ignoring the importance of high Andean wetland ecosystems and other fragile ecosystems in the <\/span><i><span style=\"font-weight: 400\">Andes<\/span><\/i><span style=\"font-weight: 400\"> Mountains, because it doesn\u2019t protect valleys or vegetation in the watersheds that supply water. Protecting only glaciers is insufficient.<\/span><\/li>\n<li><span style=\"font-weight: 400\">It\u2019s a tailor-made park for existing mining concessions and projects in the remaining 67,000 ha, because it doesn\u2019t limit or prohibit their development.<\/span><\/li>\n<\/ol>\n<p><img loading=\"lazy\" decoding=\"async\" class=\"aligncenter wp-image-12721 size-large\" src=\"https:\/\/glaciareschilenoss3.s3.us-west-1.amazonaws.com\/wp-content\/uploads\/2023\/08\/16172211\/F3rJlnxW8AApE7l-1024x724.jpg\" alt=\"\" width=\"1024\" height=\"724\" srcset=\"https:\/\/glaciareschilenoss3.s3.us-west-1.amazonaws.com\/wp-content\/uploads\/2023\/08\/16172211\/F3rJlnxW8AApE7l-980x693.jpg 980w, https:\/\/glaciareschilenoss3.s3.us-west-1.amazonaws.com\/wp-content\/uploads\/2023\/08\/16172211\/F3rJlnxW8AApE7l-480x339.jpg 480w\" sizes=\"(min-width: 0px) and (max-width: 480px) 480px, (min-width: 481px) and (max-width: 980px) 980px, (min-width: 981px) 1024px, 100vw\" \/><\/p>\n<p><span style=\"font-weight: 400\">We are extremely concerned about the future of the Colorado and Olivares River valleys, which are at the mercy of privatization, exploitation, concessions, or any other type of intervention. We regret that the opportunity to create a large, protected area for the enjoyment of all Chilean men and women and protect the Andean biodiversity, the sources, and the water courses of the capital is not complete.<\/span><\/p>\n<p><span style=\"font-weight: 400\">As citizen campaign #QueremosParque, we will continue to demand the protection of the last public lands in central Chile. Half is not enough!<\/span><\/p>\n<p><span style=\"font-weight: 400\">Public statement Citizen campaign #QueremosParque August 16, 2023.<\/span><\/p>\n<p>&nbsp;<\/p>\n<p><b>References:<\/b><b><\/b><\/p>\n<ul>\n<li><span style=\"font-weight: 400\">Queremos Parque<\/span> <a href=\"https:\/\/www.queremosparque.cl\/\"><span style=\"font-weight: 400\">Link<\/span><\/a><\/li>\n<\/ul>\n<ul>\n<li style=\"font-weight: 400\"><span style=\"font-weight: 400\">Diario Oficial: <\/span><span style=\"font-weight: 400\">Ministerio de Bienes Nacionales crea el\u00a0\u00abParque Nacional Glaciares de Santiago\u00bb, en la comuna de San Jos\u00e9 de Maipo, Regi\u00f3n Metropolitana.\u00a0<\/span><a href=\"https:\/\/glaciareschilenoss3.s3.us-west-1.amazonaws.com\/wp-content\/uploads\/2023\/08\/16180417\/Parque-Nacional-Glaciares-de-Santiago.pdf\"><span style=\"font-weight: 400\">Link<\/span><\/a> <span style=\"font-weight: 400\">[Chilean newspaper: Ministry of National Goods creates the \u201c<\/span><span style=\"font-weight: 400\">Parque Nacional Glaciares de Santiago\u201d in the commune <\/span><i><span style=\"font-weight: 400\">San Jos\u00e9 de Maipo, Metropolitana <\/span><\/i><span style=\"font-weight: 400\">Region]<\/span><\/li>\n<li style=\"font-weight: 400\"><span style=\"font-weight: 400\">Declaraci\u00f3n P\u00fablica Campa\u00f1a Ciudadana #QueremosParque.\u00a0<\/span><a href=\"https:\/\/glaciareschilenoss3.s3.us-west-1.amazonaws.com\/wp-content\/uploads\/2023\/08\/16180651\/Declaracion-Parque-Los-Glaciares-16.8.2023-1.pdf\"><span style=\"font-weight: 400\">Link<\/span><\/a><\/li>\n<\/ul>\n<p><span style=\"font-weight: 400\">Highlighted image by<\/span> <i><span style=\"font-weight: 400\">Ximena Salazar<\/span><\/i><\/p>\n<p>&nbsp;<\/p>\n","protected":false},"excerpt":{"rendered":"<p>With the official creation of the Parque Nacional Glaciares de Santiago [Santiago Glaciers National Park] in the high peaks of the caj\u00f3n del Maipo, as citizen campaign #QueremosParque, we celebrate the official protection of the territory, protecting the more than 300 existing glaciers (20,000 ha). The park will protect a great part of Santiago&#8217;s water [&hellip;]<\/p>\n","protected":false},"author":44,"featured_media":18090,"comment_status":"open","ping_status":"open","sticky":false,"template":"","format":"standard","meta":{"googlesitekit_rrm_CAow57LVCw:productID":"","_et_pb_use_builder":"","_et_pb_old_content":"","_et_gb_content_width":"","footnotes":""},"categories":[2505],"tags":[2772,3639],"coauthors":[3624],"class_list":["post-18089","post","type-post","status-publish","format-standard","has-post-thumbnail","hentry","category-announcement","tag-cajon-del-maipo-en-2","tag-metropolitana-region"],"_links":{"self":[{"href":"https:\/\/www.glaciareschilenos.org\/en\/wp-json\/wp\/v2\/posts\/18089","targetHints":{"allow":["GET"]}}],"collection":[{"href":"https:\/\/www.glaciareschilenos.org\/en\/wp-json\/wp\/v2\/posts"}],"about":[{"href":"https:\/\/www.glaciareschilenos.org\/en\/wp-json\/wp\/v2\/types\/post"}],"author":[{"embeddable":true,"href":"https:\/\/www.glaciareschilenos.org\/en\/wp-json\/wp\/v2\/users\/44"}],"replies":[{"embeddable":true,"href":"https:\/\/www.glaciareschilenos.org\/en\/wp-json\/wp\/v2\/comments?post=18089"}],"version-history":[{"count":2,"href":"https:\/\/www.glaciareschilenos.org\/en\/wp-json\/wp\/v2\/posts\/18089\/revisions"}],"predecessor-version":[{"id":18095,"href":"https:\/\/www.glaciareschilenos.org\/en\/wp-json\/wp\/v2\/posts\/18089\/revisions\/18095"}],"wp:featuredmedia":[{"embeddable":true,"href":"https:\/\/www.glaciareschilenos.org\/en\/wp-json\/wp\/v2\/media\/18090"}],"wp:attachment":[{"href":"https:\/\/www.glaciareschilenos.org\/en\/wp-json\/wp\/v2\/media?parent=18089"}],"wp:term":[{"taxonomy":"category","embeddable":true,"href":"https:\/\/www.glaciareschilenos.org\/en\/wp-json\/wp\/v2\/categories?post=18089"},{"taxonomy":"post_tag","embeddable":true,"href":"https:\/\/www.glaciareschilenos.org\/en\/wp-json\/wp\/v2\/tags?post=18089"},{"taxonomy":"author","embeddable":true,"href":"https:\/\/www.glaciareschilenos.org\/en\/wp-json\/wp\/v2\/coauthors?post=18089"}],"curies":[{"name":"wp","href":"https:\/\/api.w.org\/{rel}","templated":true}]}}