 {"id":18119,"date":"2022-12-11T13:31:33","date_gmt":"2022-12-11T16:31:33","guid":{"rendered":"https:\/\/www.glaciareschilenos.org\/?p=18119"},"modified":"2025-03-07T13:05:26","modified_gmt":"2025-03-07T16:05:26","slug":"on-the-international-mountains-day-we-say-queremosparque","status":"publish","type":"post","link":"https:\/\/www.glaciareschilenos.org\/en\/movies-and-documentaries\/on-the-international-mountains-day-we-say-queremosparque\/","title":{"rendered":"On the International Mountains Day we say: #QueremosParque"},"content":{"rendered":"<p><span style=\"font-weight: 400\">In celebration of the <\/span><b>International Mountain Day<\/b><span style=\"font-weight: 400\"> and to highlight the urgent protection of the entire 142,000 hectares of public land in the <\/span><i><span style=\"font-weight: 400\">R\u00edo Colorado<\/span><\/i><span style=\"font-weight: 400\"> area of <\/span><i><span style=\"font-weight: 400\">Caj\u00f3n del Maipo<\/span><\/i><span style=\"font-weight: 400\">, the documentary <\/span><b>\u201c<\/b><b><i>Queremos Parque: un documental sobre la lucha por la protecci\u00f3n de las \u00faltimas tierras p\u00fablicas de la zona central de Chile\u201d<\/i><\/b><span style=\"font-weight: 400\"> (in English \u201cWe Want Park: A documentary on the fight for the last public lands protection in central Chile\u201d) has been released, directed by V\u00edctor Leyton. This production showcases the majesty of the valleys of the <\/span><i><span style=\"font-weight: 400\">Colorado<\/span><\/i><span style=\"font-weight: 400\"> and <\/span><i><span style=\"font-weight: 400\">Olivares<\/span><\/i><span style=\"font-weight: 400\"> rivers in <\/span><i><span style=\"font-weight: 400\">Caj\u00f3n del Maipo<\/span><\/i><span style=\"font-weight: 400\"> and will premiere today, <\/span><a href=\"https:\/\/www.youtube.com\/watch?v=HWVJg0E7Tkw\"><b>Sunday 11th, on the campaign\u2019s YouTube channel<\/b><\/a><span style=\"font-weight: 400\">. This documentary recently won the award for Best Film at the Santiago Mountain Film Festival 2022.<\/span><\/p>\n<p><span style=\"font-weight: 400\">In a challenging scenario of global habitat degradation, it\u2019s urgent to advance on the protection of these public lands to safeguard their biodiversity: their nearly <\/span><b>20,000 hectares of glaciers<\/b><span style=\"font-weight: 400\"> (the main freshwater reserve of the <\/span><i><span style=\"font-weight: 400\">Metropolitana <\/span><\/i><span style=\"font-weight: 400\">region), as well as to preserve the herding culture and promote sustainable tourism development that ensures public access for all Chileans. This could become one of the major tourist attractions in Santiago and the whole country.<\/span><\/p>\n<p><span style=\"font-weight: 400\">Today, only 1% of the <\/span><i><span style=\"font-weight: 400\">Metropolitana<\/span><\/i><span style=\"font-weight: 400\"> region territory is under official protection. Therefore, designating these 142,000 hectares of public land as a protected area would be a significant advance in environmental justice for all residents of the region. Also, it would be essential for the safeguarding of 430 species of flora and 135 species of fauna in one of the 25 most biodiverse areas in the world, many of which are vulnerable or endangered, such as the Andean cat, the most threatened feline in the Americas. The <\/span><i><span style=\"font-weight: 400\">R\u00edo Colorado<\/span><\/i><span style=\"font-weight: 400\"> public land is permanently threatened by hydroelectric and mining projects, such as the <\/span><i><span style=\"font-weight: 400\">Rub\u00ed<\/span><\/i><span style=\"font-weight: 400\"> project by the mining company <\/span><i><span style=\"font-weight: 400\">Knauf<\/span><\/i><span style=\"font-weight: 400\">, which is currently under an environmental assessment and pretends to establish itself in the area for gypsum extraction. This would impact the surrounding public land, many threatened species, and the life quality of nearby residents.<\/span><\/p>\n<p><span style=\"font-weight: 400\">As <\/span><b><i>Glaciares Chilenos<\/i><\/b><b> Foundation, we have been part of the <\/b><a href=\"https:\/\/queremosparque.cl\/\"><b>Queremos Parque<\/b><\/a><b> campaign since our inception in 2019<\/b><span style=\"font-weight: 400\">. Today, we join the call to the President Gabriel Boric to safeguard our public lands and create a state-protected area (in the form of a National Reserve to incorporate herding activities) in the <\/span><i><span style=\"font-weight: 400\">R\u00edo Colorado<\/span><\/i><span style=\"font-weight: 400\"> territory, allowing public access and facilitating citizen participation in its creation.\u00a0<\/span><\/p>\n<p><b>#<\/b><b><i>QueremosParque<\/i><\/b><span style=\"font-weight: 400\"><br \/>\n<\/span><b>December, 2022<\/b><\/p>\n<p><iframe loading=\"lazy\" title=\"Documental Queremos Parque\" width=\"1080\" height=\"608\" src=\"https:\/\/www.youtube.com\/embed\/HWVJg0E7Tkw?feature=oembed\"  allow=\"accelerometer; autoplay; clipboard-write; encrypted-media; gyroscope; picture-in-picture; web-share\" referrerpolicy=\"strict-origin-when-cross-origin\" allowfullscreen><\/iframe><\/p>\n<p>&nbsp;<\/p>\n<p>&nbsp;<\/p>\n<div class=\"et_pb_slider et_pb_slider_fullwidth_off et_pb_gallery_post_type\">\n\t\t\t\t<div class=\"et_pb_slides\">\n\t\t\t\t\t\n\t\t\t\t<\/div>\n\t\t\t<\/div>\n<p>&nbsp;<\/p>\n<p><b>Photographs:<\/b><\/p>\n<ul>\n<li style=\"font-weight: 400\"><span style=\"font-weight: 400\">Campaign\u00a0<\/span><a href=\"https:\/\/queremosparque.cl\/galeria\/\"><span style=\"font-weight: 400\">Queremos Parque.<\/span><\/a><\/li>\n<\/ul>\n","protected":false},"excerpt":{"rendered":"<p>In celebration of the International Mountain Day and to highlight the urgent protection of the entire 142,000 hectares of public land in the R\u00edo Colorado area of Caj\u00f3n del Maipo, the documentary \u201cQueremos Parque: un documental sobre la lucha por la protecci\u00f3n de las \u00faltimas tierras p\u00fablicas de la zona central de Chile\u201d (in English [&hellip;]<\/p>\n","protected":false},"author":44,"featured_media":12387,"comment_status":"open","ping_status":"open","sticky":false,"template":"","format":"standard","meta":{"googlesitekit_rrm_CAow57LVCw:productID":"","_et_pb_use_builder":"","_et_pb_old_content":"","_et_gb_content_width":"","footnotes":""},"categories":[2498],"tags":[2772,2635,3006,2742,3639,2647],"coauthors":[3624],"class_list":["post-18119","post","type-post","status-publish","format-standard","has-post-thumbnail","hentry","category-movies-and-documentaries","tag-cajon-del-maipo-en-2","tag-chile","tag-gabriel-boric-en","tag-glaciers","tag-metropolitana-region","tag-santiago"],"_links":{"self":[{"href":"https:\/\/www.glaciareschilenos.org\/en\/wp-json\/wp\/v2\/posts\/18119","targetHints":{"allow":["GET"]}}],"collection":[{"href":"https:\/\/www.glaciareschilenos.org\/en\/wp-json\/wp\/v2\/posts"}],"about":[{"href":"https:\/\/www.glaciareschilenos.org\/en\/wp-json\/wp\/v2\/types\/post"}],"author":[{"embeddable":true,"href":"https:\/\/www.glaciareschilenos.org\/en\/wp-json\/wp\/v2\/users\/44"}],"replies":[{"embeddable":true,"href":"https:\/\/www.glaciareschilenos.org\/en\/wp-json\/wp\/v2\/comments?post=18119"}],"version-history":[{"count":1,"href":"https:\/\/www.glaciareschilenos.org\/en\/wp-json\/wp\/v2\/posts\/18119\/revisions"}],"predecessor-version":[{"id":18120,"href":"https:\/\/www.glaciareschilenos.org\/en\/wp-json\/wp\/v2\/posts\/18119\/revisions\/18120"}],"wp:featuredmedia":[{"embeddable":true,"href":"https:\/\/www.glaciareschilenos.org\/en\/wp-json\/wp\/v2\/media\/12387"}],"wp:attachment":[{"href":"https:\/\/www.glaciareschilenos.org\/en\/wp-json\/wp\/v2\/media?parent=18119"}],"wp:term":[{"taxonomy":"category","embeddable":true,"href":"https:\/\/www.glaciareschilenos.org\/en\/wp-json\/wp\/v2\/categories?post=18119"},{"taxonomy":"post_tag","embeddable":true,"href":"https:\/\/www.glaciareschilenos.org\/en\/wp-json\/wp\/v2\/tags?post=18119"},{"taxonomy":"author","embeddable":true,"href":"https:\/\/www.glaciareschilenos.org\/en\/wp-json\/wp\/v2\/coauthors?post=18119"}],"curies":[{"name":"wp","href":"https:\/\/api.w.org\/{rel}","templated":true}]}}