 {"id":5864,"date":"2020-03-16T12:00:22","date_gmt":"2020-03-16T15:00:22","guid":{"rendered":"https:\/\/www.glaciareschilenos.org\/notes\/fotografias-macro-en-el-glaciar-exploradores\/"},"modified":"2023-09-24T18:32:14","modified_gmt":"2023-09-24T22:32:14","slug":"macro-photography-at-the-exploradores-glacier","status":"publish","type":"post","link":"https:\/\/www.glaciareschilenos.org\/en\/photo-gallery\/macro-photography-at-the-exploradores-glacier\/","title":{"rendered":"Macro Photography at the Exploradores Glacier"},"content":{"rendered":"<div>\n<p>Our collaborator Marcos Cole shares these wonderful macro photographs that he obtained after four months doing work on the famous Exploradores Glacier, located in Campos de Hielo Patag\u00f3nico Norte, Ays\u00e9n Region. He then explains what the interesting phenomenon consists of.<\/p>\n<p>&nbsp;<\/p>\n<\/div>\n<div>\n<div id=\"attachment_3883\" style=\"width: 2570px\" class=\"wp-caption aligncenter\"><img loading=\"lazy\" decoding=\"async\" aria-describedby=\"caption-attachment-3883\" class=\"wp-image-3883 size-full\" src=\"https:\/\/glaciareschilenoss3.s3.us-west-1.amazonaws.com\/wp-content\/uploads\/2020\/03\/05202925\/IMG_0405-scaled.jpg\" alt=\"\" width=\"2560\" height=\"1920\" \/><p id=\"caption-attachment-3883\" class=\"wp-caption-text\">Hundreds of air bubbles stopped in time by ice.<\/p><\/div>\n<\/div>\n<div><\/div>\n<div>\n<div>\n<p>The Exploradores glacier as it is a temperate glacier has a lot of melting water on it. Many of its cracks have water inside. As we approach the end of summer, the day \/ night thermal oscillation on the glacier produces the surface freezing of the melting water contained in the cracks, also trapping air which is transformed into bubbles contained in that ice sheet.<\/p>\n<p>&nbsp;<\/p>\n<\/div>\n<div id=\"attachment_3886\" style=\"width: 2570px\" class=\"wp-caption aligncenter\"><img loading=\"lazy\" decoding=\"async\" aria-describedby=\"caption-attachment-3886\" class=\"wp-image-3886 size-full\" src=\"https:\/\/glaciareschilenoss3.s3.us-west-1.amazonaws.com\/wp-content\/uploads\/2020\/03\/06105054\/IMG_0414-scaled.jpg\" alt=\"\" width=\"2560\" height=\"1920\" \/><p id=\"caption-attachment-3886\" class=\"wp-caption-text\">Cloistered air bubbles can take different sizes and shapes.<\/p><\/div>\n<p>The rapid crystallization of the melt water also produces the geometric shapes of linear lines that can be seen in the photographs.<\/p>\n<p>&nbsp;<\/p>\n<div id=\"attachment_3885\" style=\"width: 2570px\" class=\"wp-caption aligncenter\"><img loading=\"lazy\" decoding=\"async\" aria-describedby=\"caption-attachment-3885\" class=\"wp-image-3885 size-full\" src=\"https:\/\/glaciareschilenoss3.s3.us-west-1.amazonaws.com\/wp-content\/uploads\/2020\/03\/06105011\/IMG_0380-scaled.jpg\" alt=\"\" width=\"2560\" height=\"1920\" \/><p id=\"caption-attachment-3885\" class=\"wp-caption-text\">Example of the rapid crystallization that occurs on the surface of the glacier giving shape to these interesting &#8220;rods&#8221;.<\/p><\/div>\n<\/div>\n<div><\/div>\n<div>Glacier name: Exploradores Glacier, Northern Patagonian Ice Field.<br \/>\nAuthor: Marcos Cole<br \/>\nCapture date: February 20, 2020<br \/>\nPlace of the taking: Laguna San Rafael National Park<br \/>\nCamera model: Canon SX620 HS<br \/>\n* Instagram: \/ glaciaresenbicicleta<br \/>\n* Facebook: \/ glacierguide<br \/>\n* Personal website URL: glaciaresenbicicleta.wordpress.com<\/div>\n","protected":false},"excerpt":{"rendered":"<p>Nuestro colaborador Marcos Cole nos comparte estas maravillosas fotograf\u00edas macro que obtuvo despu\u00e9s de cuatro meses realizando trabajos sobre el famoso Glaciar Exploradores, ubicado en Campos de Hielo Patag\u00f3nico Norte<\/p>\n","protected":false},"author":5,"featured_media":16150,"comment_status":"open","ping_status":"open","sticky":false,"template":"","format":"standard","meta":{"googlesitekit_rrm_CAow57LVCw:productID":"","_et_pb_use_builder":"","_et_pb_old_content":"","_et_gb_content_width":"","footnotes":""},"categories":[2824],"tags":[2832,2833,3067,2635,2737,2636,2689,2834,2681,2835,2836,2837,2566,2748,2744],"coauthors":[3334],"class_list":["post-5864","post","type-post","status-publish","format-standard","has-post-thumbnail","hentry","category-photo-gallery","tag-austral-highway-en","tag-aysen-region","tag-carretera-austral-en-2","tag-chile","tag-chilean-patagonia-en","tag-climate-change","tag-cryosphere","tag-explorers-en","tag-glacier-en-2","tag-laguna-san-rafael-national-park-en","tag-macro-en-2","tag-northern-ice-fields-en","tag-patagonia","tag-photography-en","tag-science-en"],"_links":{"self":[{"href":"https:\/\/www.glaciareschilenos.org\/en\/wp-json\/wp\/v2\/posts\/5864","targetHints":{"allow":["GET"]}}],"collection":[{"href":"https:\/\/www.glaciareschilenos.org\/en\/wp-json\/wp\/v2\/posts"}],"about":[{"href":"https:\/\/www.glaciareschilenos.org\/en\/wp-json\/wp\/v2\/types\/post"}],"author":[{"embeddable":true,"href":"https:\/\/www.glaciareschilenos.org\/en\/wp-json\/wp\/v2\/users\/5"}],"replies":[{"embeddable":true,"href":"https:\/\/www.glaciareschilenos.org\/en\/wp-json\/wp\/v2\/comments?post=5864"}],"version-history":[{"count":1,"href":"https:\/\/www.glaciareschilenos.org\/en\/wp-json\/wp\/v2\/posts\/5864\/revisions"}],"predecessor-version":[{"id":13005,"href":"https:\/\/www.glaciareschilenos.org\/en\/wp-json\/wp\/v2\/posts\/5864\/revisions\/13005"}],"wp:featuredmedia":[{"embeddable":true,"href":"https:\/\/www.glaciareschilenos.org\/en\/wp-json\/wp\/v2\/media\/16150"}],"wp:attachment":[{"href":"https:\/\/www.glaciareschilenos.org\/en\/wp-json\/wp\/v2\/media?parent=5864"}],"wp:term":[{"taxonomy":"category","embeddable":true,"href":"https:\/\/www.glaciareschilenos.org\/en\/wp-json\/wp\/v2\/categories?post=5864"},{"taxonomy":"post_tag","embeddable":true,"href":"https:\/\/www.glaciareschilenos.org\/en\/wp-json\/wp\/v2\/tags?post=5864"},{"taxonomy":"author","embeddable":true,"href":"https:\/\/www.glaciareschilenos.org\/en\/wp-json\/wp\/v2\/coauthors?post=5864"}],"curies":[{"name":"wp","href":"https:\/\/api.w.org\/{rel}","templated":true}]}}